{"id":144,"date":"2020-08-24T15:44:22","date_gmt":"2020-08-24T15:44:22","guid":{"rendered":"http:\/\/www.koonet.de\/site\/?p=144"},"modified":"2020-08-24T21:32:23","modified_gmt":"2020-08-24T21:32:23","slug":"fachwerkhaus-sanierung","status":"publish","type":"post","link":"https:\/\/www.koonet.de\/site\/fachwerkhaus-sanierung\/","title":{"rendered":"Fachwerkhaus Sanierung"},"content":{"rendered":"\n<p>Ich habe viele Dinge an und in unserm Fachwerkaus saniert. Das Haus ist bereits weit \u00fcber 150 Jahre alt, genau wissen wir es nicht. Wir haben dabei ca. 35% der Kosten der Au\u00dfen-Erneuerung vom Staat zur\u00fcckerhalten.<\/p>\n\n\n\n<figure class=\"wp-block-image size-large\"><img loading=\"lazy\" decoding=\"async\" width=\"683\" height=\"1024\" src=\"https:\/\/www.koonet.de\/site\/wp-content\/uploads\/2020\/08\/ZZ8A21791-683x1024.jpg\" alt=\"\" class=\"wp-image-145\" srcset=\"https:\/\/www.koonet.de\/site\/wp-content\/uploads\/2020\/08\/ZZ8A21791-683x1024.jpg 683w, https:\/\/www.koonet.de\/site\/wp-content\/uploads\/2020\/08\/ZZ8A21791-200x300.jpg 200w, https:\/\/www.koonet.de\/site\/wp-content\/uploads\/2020\/08\/ZZ8A21791-768x1152.jpg 768w, https:\/\/www.koonet.de\/site\/wp-content\/uploads\/2020\/08\/ZZ8A21791-1024x1536.jpg 1024w, https:\/\/www.koonet.de\/site\/wp-content\/uploads\/2020\/08\/ZZ8A21791.jpg 1280w\" sizes=\"auto, (max-width: 683px) 100vw, 683px\" \/><figcaption>Sanierung der Fachwerkfassade<\/figcaption><\/figure>\n\n\n\n<p><\/p>\n\n\n\n<p>Falls Du auch ein altes Haus sanieren m\u00f6chtest, kann ich dir gerne Kontakte vermitteln oder bei der staatlichen F\u00f6rderung bei ganz alten H\u00e4usern helfen.<\/p>\n\n\n\n<p>Wir haben folgende Bereiche in Eigenregie saniert:<\/p>\n\n\n\n<ul class=\"wp-block-list\"><li>Wohnzimmer<\/li><li>K\u00fcche<\/li><li>Bad<\/li><li>Waschk\u00fcche \/ G\u00e4stebad<\/li><li>G\u00e4stezimmer<\/li><li>Kinderzimmer<\/li><li>Haust\u00fcr, Eingangsbereich<\/li><li>Fenster<\/li><li>Elektrik<\/li><\/ul>\n\n\n\n<p>Dabei haben wir folgende Elemente benutzt, herausgearbeitet bzw. durchgef\u00fchrt:<\/p>\n\n\n\n<ul class=\"wp-block-list\"><li>Holzbalken, Unterz\u00fcge an der Decke<\/li><li>Massiver Holzdielenboden<\/li><li>Massive Bauweise, kaum Trockenbau<\/li><li>Historische Holzfenster mit Sprossen, Lein\u00f6l und Hanffaser<\/li><li>\u00d6kologische Materialien<\/li><li>Reine Kalkputze<\/li><li>Lehmfarben<\/li><li>2 Durchbr\u00fcche<\/li><li>Abriss eines kleinen Anbaus<\/li><\/ul>\n\n\n\n<p><\/p>\n","protected":false},"excerpt":{"rendered":"<p>Ich habe viele Dinge an und in unserm Fachwerkaus saniert. Das Haus ist bereits weit \u00fcber 150 Jahre alt, genau wissen wir es nicht. Wir haben dabei ca. 35% der Kosten der Au\u00dfen-Erneuerung vom Staat zur\u00fcckerhalten.<\/p>\n","protected":false},"author":1,"featured_media":145,"comment_status":"closed","ping_status":"closed","sticky":false,"template":"","format":"standard","meta":{"footnotes":""},"categories":[7],"tags":[12,10,11,9,8],"class_list":["post-144","post","type-post","status-publish","format-standard","has-post-thumbnail","hentry","category-diy","tag-denkmalschutz","tag-eigenheim","tag-fachwerk","tag-haus","tag-sanierung"],"_links":{"self":[{"href":"https:\/\/www.koonet.de\/site\/wp-json\/wp\/v2\/posts\/144","targetHints":{"allow":["GET"]}}],"collection":[{"href":"https:\/\/www.koonet.de\/site\/wp-json\/wp\/v2\/posts"}],"about":[{"href":"https:\/\/www.koonet.de\/site\/wp-json\/wp\/v2\/types\/post"}],"author":[{"embeddable":true,"href":"https:\/\/www.koonet.de\/site\/wp-json\/wp\/v2\/users\/1"}],"replies":[{"embeddable":true,"href":"https:\/\/www.koonet.de\/site\/wp-json\/wp\/v2\/comments?post=144"}],"version-history":[{"count":2,"href":"https:\/\/www.koonet.de\/site\/wp-json\/wp\/v2\/posts\/144\/revisions"}],"predecessor-version":[{"id":147,"href":"https:\/\/www.koonet.de\/site\/wp-json\/wp\/v2\/posts\/144\/revisions\/147"}],"wp:featuredmedia":[{"embeddable":true,"href":"https:\/\/www.koonet.de\/site\/wp-json\/wp\/v2\/media\/145"}],"wp:attachment":[{"href":"https:\/\/www.koonet.de\/site\/wp-json\/wp\/v2\/media?parent=144"}],"wp:term":[{"taxonomy":"category","embeddable":true,"href":"https:\/\/www.koonet.de\/site\/wp-json\/wp\/v2\/categories?post=144"},{"taxonomy":"post_tag","embeddable":true,"href":"https:\/\/www.koonet.de\/site\/wp-json\/wp\/v2\/tags?post=144"}],"curies":[{"name":"wp","href":"https:\/\/api.w.org\/{rel}","templated":true}]}}